{"id":478,"date":"2025-01-04T14:08:29","date_gmt":"2025-01-04T13:08:29","guid":{"rendered":"http:\/\/gartenparadies.biz\/?p=478"},"modified":"2025-01-26T10:38:53","modified_gmt":"2025-01-26T09:38:53","slug":"478","status":"publish","type":"post","link":"https:\/\/gartenparadies.biz\/?p=478","title":{"rendered":"Treppen, Keller, Hinterh\u00f6fe"},"content":{"rendered":"<p class=\"bodytext\"><a href=\"http:\/\/gartenparadies.biz\/wp-content\/uploads\/2018\/08\/Anzeige-MB2018_09.jpg\"><img loading=\"lazy\" decoding=\"async\" class=\"size-medium wp-image-656 alignleft\" src=\"http:\/\/gartenparadies.biz\/wp-content\/uploads\/2018\/08\/Anzeige-MB2018_09-300x192.jpg\" alt=\"\" width=\"300\" height=\"192\" srcset=\"https:\/\/gartenparadies.biz\/wp-content\/uploads\/2018\/08\/Anzeige-MB2018_09-300x192.jpg 300w, https:\/\/gartenparadies.biz\/wp-content\/uploads\/2018\/08\/Anzeige-MB2018_09-94x60.jpg 94w, https:\/\/gartenparadies.biz\/wp-content\/uploads\/2018\/08\/Anzeige-MB2018_09.jpg 600w\" sizes=\"auto, (max-width: 300px) 100vw, 300px\" \/><\/a>Das Kulturfestival in Witzenhausen vom 12. &#8211; 14. September 2025. Auch Haase&#8217;s Garten-Caf\u00e9 ist w\u00e4hrend der Veranstaltung ge\u00f6ffnet und bietet Kaffee, Kuchen und Entspannung im Altstadtgarten. Geniessen Sie unsere hausgemachte K\u00fcrbissuppe.<\/p>\n<h2><span style=\"color: #008000;\"><strong>Samstag von 9 &#8211; 17 Uhr und Sonntag von 13 &#8211; 17 Uhr ge\u00f6ffnet.<\/strong><\/span><\/h2>\n<div id=\"cc-m-11333594673\" class=\"j-module n j-text \">\n<p>Vom <strong>12.-14. September 2025<\/strong> \u00f6ffnen sich in Witzenhausen \u201e<a href=\"https:\/\/www.kulturgemeinschaft-witzenhausen.de\/tkh-festival-2023\/\">Treppen &#8211; Keller &#8211; Hinterh\u00f6fe<\/a>\u201c und das bedeutet bereits zum 9. Mal &#8222;Kultur im Denkmal&#8220;. Rund um den Tag des offenen Denkmals f\u00fcllen sich alte Gem\u00e4uer wieder mit Musik und Klang und sonst verschlossene Orte verwandeln sich in au\u00dfergew\u00f6hnliche Ausstellungsr\u00e4ume. TKH 2025 l\u00e4dt ein mit einem Perspektivwechsel auf die Stadt zu schauen und unterstreicht den unbestreitbaren Charme von Witzenhausen und seiner 800-j\u00e4hrigen Stadtgeschichte.<\/p>\n<p><a href=\"http:\/\/gartenparadies.biz\/wp-content\/uploads\/2023\/08\/Denkmal1.jpg\"><img loading=\"lazy\" decoding=\"async\" class=\"aligncenter wp-image-2102\" src=\"http:\/\/gartenparadies.biz\/wp-content\/uploads\/2023\/08\/Denkmal1-197x300.jpg\" alt=\"\" width=\"262\" height=\"400\" srcset=\"https:\/\/gartenparadies.biz\/wp-content\/uploads\/2023\/08\/Denkmal1-197x300.jpg 197w, https:\/\/gartenparadies.biz\/wp-content\/uploads\/2023\/08\/Denkmal1-39x60.jpg 39w, https:\/\/gartenparadies.biz\/wp-content\/uploads\/2023\/08\/Denkmal1.jpg 590w\" sizes=\"auto, (max-width: 262px) 100vw, 262px\" \/><\/a>Die Besucher sind herzlich eingeladen, wieder mit allen Sinnen zu genie\u00dfen und sich von der besonderen Stimmung, die w\u00e4hrend des Festivals in der Luft liegt, tragen zu lassen. TKH 2025 wird heiter und farbenfroh, mit lauten und leisen Kl\u00e4ngen, mischt Vertrautes mit Neuem. So vielf\u00e4ltig wie die Besucher, so vielf\u00e4ltig werden die Darbietungen und Ausstellungen sowie das kulinarische Programm sein und TKH 2025 zum &#8222;Festival f\u00fcr Alle&#8220; werden lassen (Kulturgemeinschaft Witzenhausen e.V.).<\/p>\n<p>&nbsp;<\/p>\n<\/div>\n<p>&nbsp;<\/p>\n","protected":false},"excerpt":{"rendered":"<p>Das Kulturfestival in Witzenhausen vom 12. &#8211; 14. September 2025. Auch Haase&#8217;s Garten-Caf\u00e9 ist w\u00e4hrend der Veranstaltung ge\u00f6ffnet und bietet Kaffee, Kuchen und Entspannung im Altstadtgarten. Geniessen Sie unsere hausgemachte K\u00fcrbissuppe. Samstag von 9 &#8211; 17 Uhr und Sonntag von &hellip; <a href=\"https:\/\/gartenparadies.biz\/?p=478\" class=\"more-link\"><span class=\"screen-reader-text\">Treppen, Keller, Hinterh\u00f6fe<\/span> weiterlesen<\/a><\/p>\n","protected":false},"author":1,"featured_media":1789,"comment_status":"closed","ping_status":"open","sticky":false,"template":"","format":"standard","meta":{"footnotes":""},"categories":[11],"tags":[],"class_list":["post-478","post","type-post","status-publish","format-standard","has-post-thumbnail","hentry","category-veranstaltungen","gallery-content-unit"],"_links":{"self":[{"href":"https:\/\/gartenparadies.biz\/index.php?rest_route=\/wp\/v2\/posts\/478","targetHints":{"allow":["GET"]}}],"collection":[{"href":"https:\/\/gartenparadies.biz\/index.php?rest_route=\/wp\/v2\/posts"}],"about":[{"href":"https:\/\/gartenparadies.biz\/index.php?rest_route=\/wp\/v2\/types\/post"}],"author":[{"embeddable":true,"href":"https:\/\/gartenparadies.biz\/index.php?rest_route=\/wp\/v2\/users\/1"}],"replies":[{"embeddable":true,"href":"https:\/\/gartenparadies.biz\/index.php?rest_route=%2Fwp%2Fv2%2Fcomments&post=478"}],"version-history":[{"count":19,"href":"https:\/\/gartenparadies.biz\/index.php?rest_route=\/wp\/v2\/posts\/478\/revisions"}],"predecessor-version":[{"id":2448,"href":"https:\/\/gartenparadies.biz\/index.php?rest_route=\/wp\/v2\/posts\/478\/revisions\/2448"}],"wp:featuredmedia":[{"embeddable":true,"href":"https:\/\/gartenparadies.biz\/index.php?rest_route=\/wp\/v2\/media\/1789"}],"wp:attachment":[{"href":"https:\/\/gartenparadies.biz\/index.php?rest_route=%2Fwp%2Fv2%2Fmedia&parent=478"}],"wp:term":[{"taxonomy":"category","embeddable":true,"href":"https:\/\/gartenparadies.biz\/index.php?rest_route=%2Fwp%2Fv2%2Fcategories&post=478"},{"taxonomy":"post_tag","embeddable":true,"href":"https:\/\/gartenparadies.biz\/index.php?rest_route=%2Fwp%2Fv2%2Ftags&post=478"}],"curies":[{"name":"wp","href":"https:\/\/api.w.org\/{rel}","templated":true}]}}